{"id":17809,"date":"2023-04-06T18:38:46","date_gmt":"2023-04-06T21:38:46","guid":{"rendered":"https:\/\/mensagemcrista.com\/?p=17809"},"modified":"2023-04-06T18:38:46","modified_gmt":"2023-04-06T21:38:46","slug":"a-igreja-mundial-e-chamada-para-apoiar-os-cristaos-nigerianos-perseguidos","status":"publish","type":"post","link":"https:\/\/mensagemcrista.com\/index.php\/2023\/04\/06\/a-igreja-mundial-e-chamada-para-apoiar-os-cristaos-nigerianos-perseguidos\/","title":{"rendered":"A Igreja Mundial \u00e9 chamada para apoiar os crist\u00e3os nigerianos perseguidos"},"content":{"rendered":"<pre>Fonte: Mensagem Crist\u00e3\/Com informa\u00e7\u00f5es do Christian Today<\/pre>\n<p>&nbsp;<\/p>\n<p>Benjamin Kwashi (foto), arcebispo de Jos, no norte da Nig\u00e9ria, expressou a necessidade de a Igreja &#8220;em todos os lugares&#8221; &#8220;identificar a persegui\u00e7\u00e3o&#8221; e &#8220;fazer o que puder para ajudar os perseguidos&#8221;.<\/p>\n<p>&#8220;O mundo secular odeia retratar o sofrimento atual dos crist\u00e3os como persegui\u00e7\u00e3o. A principal raz\u00e3o \u00e9 que eles n\u00e3o t\u00eam uma resposta para isso. Eles n\u00e3o t\u00eam uma resposta sensata, eles explicam isso como confrontos de tribos&#8221;, disse ele.<\/p>\n<p>Os crist\u00e3os nos estados de Plateau e Kanduna, na Nig\u00e9ria, sofreram ataques implac\u00e1veis de militantes isl\u00e2micos que atacaram suas casas e fam\u00edlias, disse ele durante o evento online da Release International chamado &#8216;Out of these Ashes&#8217;.<\/p>\n<p>&#8220;O objetivo deles \u00e9 garantir que a igreja se torne terrivelmente pobre e empobrecida. Eles sequestrar\u00e3o principalmente pastores, fi\u00e9is aos domingos e crian\u00e7as&#8221;, disse o arcebispo Kwashi.<\/p>\n<p>Paul Robinson, CEO da Release International, acrescentou: &#8220;Nos \u00faltimos 20 anos, eles enfrentaram uma persegui\u00e7\u00e3o cont\u00ednua e cada vez pior.<\/p>\n<p>&#8220;Milhares foram mortos e dezenas de milhares foram for\u00e7ados a fugir de suas casas em ataques cont\u00ednuos de grupos terroristas radicais.&#8221;<\/p>\n<p>O evento online marcou o lan\u00e7amento da campanha &#8216;Out of these Ashes&#8217; da Release, com foco na situa\u00e7\u00e3o dos crist\u00e3os na Nig\u00e9ria.<\/p>\n<p>&#8220;Nos pr\u00f3ximos tr\u00eas meses, a Release International quer chamar os crist\u00e3os no Reino Unido para a ora\u00e7\u00e3o e a a\u00e7\u00e3o&#8221;, disse Robinson.<\/p>\n<p>A organiza\u00e7\u00e3o trabalha por meio de parceiros de igrejas locais em 30 pa\u00edses, ajudando crist\u00e3os perseguidos.<\/p>\n<p>O evento teve como objetivo divulgar a situa\u00e7\u00e3o que os crist\u00e3os enfrentam no norte da Nig\u00e9ria.<\/p>\n<p>Mark Lipdo, coordenador do programa da Funda\u00e7\u00e3o Stefanos, compartilhou um relato angustiante sobre o impacto que os ataques est\u00e3o tendo sobre os crentes e suas comunidades.<\/p>\n<p>&#8220;Os crist\u00e3os t\u00eam negado o direito de propagar sua f\u00e9 &#8211; at\u00e9 mesmo os direitos aos locais de culto s\u00e3o negados&#8221;, disse ele.<\/p>\n<p>Ele continuou: &#8220;Agora vemos uma manobra pol\u00edtica em que os mu\u00e7ulmanos defendem uma lideran\u00e7a isl\u00e2mica totalit\u00e1ria.<\/p>\n<blockquote><p><strong><em>&#8220;Crist\u00e3os que deveriam ser fortes na f\u00e9 est\u00e3o desistindo e alguns est\u00e3o at\u00e9 cedendo ao Isl\u00e3.&#8221;<\/em><\/strong><\/p><\/blockquote>\n<p>O pastor Gah Yohanna Sunday, l\u00edder da igreja local no norte da Nig\u00e9ria, agradeceu aos apoiadores internacionais.<\/p>\n<p>&#8220;Sinto-me amado e sinto que tenho irm\u00e3os que realmente se preocupam comigo. Sinto-me encorajado quando me lembro de Jesus, que tamb\u00e9m foi perseguido, sofreu. Isso me ajuda a continuar fazendo o que preciso fazer como pastor&#8221;, disse ele disse.<\/p>\n<p>Lipdo acrescentou que a Igreja deve ver a persegui\u00e7\u00e3o aos crentes como um problema para o corpo de Cristo como um todo e &#8220;ficar com aqueles que est\u00e3o sofrendo&#8221;.<\/p>\n<p>Ele agradeceu aos crist\u00e3os do Reino Unido por apoiarem os crist\u00e3os nigerianos perseguidos e orarem por eles.<\/p>\n<p>&#8220;Estamos vendo os resultados aqui na Nig\u00e9ria. Estamos vendo muitos que poderiam estar mortos, mas porque eles&#8230; nos levaram para rezar, muitas pessoas est\u00e3o vivas hoje&#8221;, disse ele.<\/p>\n<p>&#8220;N\u00e3o vamos esquecer que a recompensa n\u00e3o est\u00e1 aqui, est\u00e1 no c\u00e9u. Mesmo que estejamos aqui enfrentando desafios com coisas terrenas, nossa esperan\u00e7a \u00e9 a vida eterna.&#8221;<\/p>\n","protected":false},"excerpt":{"rendered":"<p>Fonte: Mensagem Crist\u00e3\/Com informa\u00e7\u00f5es do Christian Today &nbsp; Benjamin Kwashi (foto), arcebispo de Jos, no norte da Nig\u00e9ria, expressou a necessidade de a Igreja &#8220;em todos os lugares&#8221; &#8220;identificar a persegui\u00e7\u00e3o&#8221; e &#8220;fazer o que puder para ajudar os perseguidos&#8221;. &#8220;O mundo secular odeia retratar o sofrimento atual dos crist\u00e3os como persegui\u00e7\u00e3o. A principal raz\u00e3o [&hellip;]<\/p>\n","protected":false},"author":6,"featured_media":17810,"comment_status":"open","ping_status":"open","sticky":false,"template":"","format":"standard","meta":{"footnotes":""},"categories":[30,331],"tags":[],"class_list":["post-17809","post","type-post","status-publish","format-standard","has-post-thumbnail","hentry","category-destaque","category-vida-crista"],"aioseo_notices":[],"aioseo_head":"\n\t\t<!-- All in One SEO 5.0.1.1 - aioseo.com -->\n\t<meta name=\"description\" content=\"Fonte: Mensagem Crist\u00e3\/Com informa\u00e7\u00f5es do Christian Today Benjamin Kwashi (foto), arcebispo de Jos, no norte da Nig\u00e9ria, expressou a necessidade de a Igreja &quot;em todos os lugares&quot; &quot;identificar a persegui\u00e7\u00e3o&quot; e &quot;fazer o que puder para ajudar os perseguidos&quot;. &quot;O mundo secular odeia retratar o sofrimento atual dos crist\u00e3os como persegui\u00e7\u00e3o. A principal raz\u00e3o\" \/>\n\t<meta name=\"robots\" content=\"max-image-preview:large\" \/>\n\t<meta name=\"author\" content=\"Sebasti\u00e3o Neto\"\/>\n\t<link rel=\"canonical\" href=\"https:\/\/mensagemcrista.com\/index.php\/2023\/04\/06\/a-igreja-mundial-e-chamada-para-apoiar-os-cristaos-nigerianos-perseguidos\/\" \/>\n\t<meta name=\"generator\" content=\"All in One SEO (AIOSEO) 5.0.1.1\" \/>\n\t\t<meta property=\"og:locale\" content=\"pt_BR\" \/>\n\t\t<meta property=\"og:site_name\" content=\"Mensagem Crist\u00e3\" \/>\n\t\t<meta property=\"og:type\" content=\"article\" \/>\n\t\t<meta property=\"og:title\" content=\"A Igreja Mundial \u00e9 chamada para apoiar os crist\u00e3os nigerianos perseguidos - Mensagem Crist\u00e3\" \/>\n\t\t<meta property=\"og:description\" content=\"Fonte: Mensagem Crist\u00e3\/Com informa\u00e7\u00f5es do Christian Today Benjamin Kwashi (foto), arcebispo de Jos, no norte da Nig\u00e9ria, expressou a necessidade de a Igreja &quot;em todos os lugares&quot; &quot;identificar a persegui\u00e7\u00e3o&quot; e &quot;fazer o que puder para ajudar os perseguidos&quot;. &quot;O mundo secular odeia retratar o sofrimento atual dos crist\u00e3os como persegui\u00e7\u00e3o. A principal raz\u00e3o\" \/>\n\t\t<meta property=\"og:url\" content=\"https:\/\/mensagemcrista.com\/index.php\/2023\/04\/06\/a-igreja-mundial-e-chamada-para-apoiar-os-cristaos-nigerianos-perseguidos\/\" \/>\n\t\t<meta property=\"og:image\" content=\"https:\/\/mensagemcrista.com\/wp-content\/uploads\/2023\/04\/ben-kwashi.jpg\" \/>\n\t\t<meta property=\"og:image:secure_url\" content=\"https:\/\/mensagemcrista.com\/wp-content\/uploads\/2023\/04\/ben-kwashi.jpg\" \/>\n\t\t<meta property=\"og:image:width\" content=\"380\" \/>\n\t\t<meta property=\"og:image:height\" content=\"245\" \/>\n\t\t<meta property=\"article:published_time\" content=\"2023-04-06T21:38:46+00:00\" \/>\n\t\t<meta property=\"article:modified_time\" content=\"2023-04-06T21:38:46+00:00\" \/>\n\t\t<meta property=\"article:publisher\" content=\"https:\/\/www.facebook.com\/msgcristabr\/\" \/>\n\t\t<meta name=\"twitter:card\" content=\"summary\" \/>\n\t\t<meta name=\"twitter:title\" content=\"A Igreja Mundial \u00e9 chamada para apoiar os crist\u00e3os nigerianos perseguidos - Mensagem Crist\u00e3\" \/>\n\t\t<meta name=\"twitter:description\" content=\"Fonte: Mensagem Crist\u00e3\/Com informa\u00e7\u00f5es do Christian Today Benjamin Kwashi (foto), arcebispo de Jos, no norte da Nig\u00e9ria, expressou a necessidade de a Igreja &quot;em todos os lugares&quot; &quot;identificar a persegui\u00e7\u00e3o&quot; e &quot;fazer o que puder para ajudar os perseguidos&quot;. &quot;O mundo secular odeia retratar o sofrimento atual dos crist\u00e3os como persegui\u00e7\u00e3o. A principal raz\u00e3o\" \/>\n\t\t<meta name=\"twitter:image\" content=\"https:\/\/mensagemcrista.com\/wp-content\/uploads\/2023\/04\/ben-kwashi.jpg\" \/>\n\t\t<script type=\"application\/ld+json\" class=\"aioseo-schema\">\n\t\t\t{\"@context\":\"https:\\\/\\\/schema.org\",\"@graph\":[{\"@type\":\"BlogPosting\",\"@id\":\"https:\\\/\\\/mensagemcrista.com\\\/index.php\\\/2023\\\/04\\\/06\\\/a-igreja-mundial-e-chamada-para-apoiar-os-cristaos-nigerianos-perseguidos\\\/#blogposting\",\"name\":\"A Igreja Mundial \\u00e9 chamada para apoiar os crist\\u00e3os nigerianos perseguidos - Mensagem Crist\\u00e3\",\"headline\":\"A Igreja Mundial \\u00e9 chamada para apoiar os crist\\u00e3os nigerianos perseguidos\",\"author\":{\"@id\":\"https:\\\/\\\/mensagemcrista.com\\\/index.php\\\/author\\\/sebastiao\\\/#author\"},\"publisher\":{\"@id\":\"https:\\\/\\\/mensagemcrista.com\\\/#organization\"},\"image\":{\"@type\":\"ImageObject\",\"url\":\"https:\\\/\\\/mensagemcrista.com\\\/wp-content\\\/uploads\\\/2023\\\/04\\\/ben-kwashi.jpg\",\"width\":380,\"height\":245},\"datePublished\":\"2023-04-06T18:38:46-03:00\",\"dateModified\":\"2023-04-06T18:38:46-03:00\",\"inLanguage\":\"pt-BR\",\"mainEntityOfPage\":{\"@id\":\"https:\\\/\\\/mensagemcrista.com\\\/index.php\\\/2023\\\/04\\\/06\\\/a-igreja-mundial-e-chamada-para-apoiar-os-cristaos-nigerianos-perseguidos\\\/#webpage\"},\"isPartOf\":{\"@id\":\"https:\\\/\\\/mensagemcrista.com\\\/index.php\\\/2023\\\/04\\\/06\\\/a-igreja-mundial-e-chamada-para-apoiar-os-cristaos-nigerianos-perseguidos\\\/#webpage\"},\"articleSection\":\"Destaque, Vida Crist\\u00e3\"},{\"@type\":\"BreadcrumbList\",\"@id\":\"https:\\\/\\\/mensagemcrista.com\\\/index.php\\\/2023\\\/04\\\/06\\\/a-igreja-mundial-e-chamada-para-apoiar-os-cristaos-nigerianos-perseguidos\\\/#breadcrumblist\",\"itemListElement\":[{\"@type\":\"ListItem\",\"@id\":\"https:\\\/\\\/mensagemcrista.com#listItem\",\"position\":1,\"name\":\"In\\u00edcio\",\"item\":\"https:\\\/\\\/mensagemcrista.com\",\"nextItem\":{\"@type\":\"ListItem\",\"@id\":\"https:\\\/\\\/mensagemcrista.com\\\/index.php\\\/category\\\/destaque\\\/#listItem\",\"name\":\"Destaque\"}},{\"@type\":\"ListItem\",\"@id\":\"https:\\\/\\\/mensagemcrista.com\\\/index.php\\\/category\\\/destaque\\\/#listItem\",\"position\":2,\"name\":\"Destaque\",\"item\":\"https:\\\/\\\/mensagemcrista.com\\\/index.php\\\/category\\\/destaque\\\/\",\"nextItem\":{\"@type\":\"ListItem\",\"@id\":\"https:\\\/\\\/mensagemcrista.com\\\/index.php\\\/2023\\\/04\\\/06\\\/a-igreja-mundial-e-chamada-para-apoiar-os-cristaos-nigerianos-perseguidos\\\/#listItem\",\"name\":\"A Igreja Mundial \\u00e9 chamada para apoiar os crist\\u00e3os nigerianos perseguidos\"},\"previousItem\":{\"@type\":\"ListItem\",\"@id\":\"https:\\\/\\\/mensagemcrista.com#listItem\",\"name\":\"In\\u00edcio\"}},{\"@type\":\"ListItem\",\"@id\":\"https:\\\/\\\/mensagemcrista.com\\\/index.php\\\/2023\\\/04\\\/06\\\/a-igreja-mundial-e-chamada-para-apoiar-os-cristaos-nigerianos-perseguidos\\\/#listItem\",\"position\":3,\"name\":\"A Igreja Mundial \\u00e9 chamada para apoiar os crist\\u00e3os nigerianos perseguidos\",\"previousItem\":{\"@type\":\"ListItem\",\"@id\":\"https:\\\/\\\/mensagemcrista.com\\\/index.php\\\/category\\\/destaque\\\/#listItem\",\"name\":\"Destaque\"}}]},{\"@type\":\"Organization\",\"@id\":\"https:\\\/\\\/mensagemcrista.com\\\/#organization\",\"name\":\"Mensagem Crist\\u00e3\",\"description\":\"Anunciando a Mensagem de Jesus Cristo\",\"url\":\"https:\\\/\\\/mensagemcrista.com\\\/\",\"telephone\":\"+5567996682849\",\"logo\":{\"@type\":\"ImageObject\",\"url\":\"https:\\\/\\\/mensagemcrista.com\\\/wp-content\\\/uploads\\\/2023\\\/05\\\/243838673_247055890766427_2339287514475972002_n.jpg\",\"@id\":\"https:\\\/\\\/mensagemcrista.com\\\/index.php\\\/2023\\\/04\\\/06\\\/a-igreja-mundial-e-chamada-para-apoiar-os-cristaos-nigerianos-perseguidos\\\/#organizationLogo\",\"width\":2048,\"height\":2048},\"image\":{\"@id\":\"https:\\\/\\\/mensagemcrista.com\\\/index.php\\\/2023\\\/04\\\/06\\\/a-igreja-mundial-e-chamada-para-apoiar-os-cristaos-nigerianos-perseguidos\\\/#organizationLogo\"},\"sameAs\":[\"https:\\\/\\\/www.facebook.com\\\/msgcristabr\\\/\",\"https:\\\/\\\/www.youtube.com\\\/@mensagemcrista422\"]},{\"@type\":\"Person\",\"@id\":\"https:\\\/\\\/mensagemcrista.com\\\/index.php\\\/author\\\/sebastiao\\\/#author\",\"url\":\"https:\\\/\\\/mensagemcrista.com\\\/index.php\\\/author\\\/sebastiao\\\/\",\"name\":\"Sebasti\\u00e3o Neto\",\"image\":{\"@type\":\"ImageObject\",\"@id\":\"https:\\\/\\\/mensagemcrista.com\\\/index.php\\\/2023\\\/04\\\/06\\\/a-igreja-mundial-e-chamada-para-apoiar-os-cristaos-nigerianos-perseguidos\\\/#authorImage\",\"url\":\"https:\\\/\\\/secure.gravatar.com\\\/avatar\\\/d69d416ddf34af97c8a75a4e2176e41bec4ca0e400dfc1f01aafac62fcb0c5d3?s=96&d=mm&r=g\",\"width\":96,\"height\":96,\"caption\":\"Sebasti\\u00e3o Neto\"}},{\"@type\":\"WebPage\",\"@id\":\"https:\\\/\\\/mensagemcrista.com\\\/index.php\\\/2023\\\/04\\\/06\\\/a-igreja-mundial-e-chamada-para-apoiar-os-cristaos-nigerianos-perseguidos\\\/#webpage\",\"url\":\"https:\\\/\\\/mensagemcrista.com\\\/index.php\\\/2023\\\/04\\\/06\\\/a-igreja-mundial-e-chamada-para-apoiar-os-cristaos-nigerianos-perseguidos\\\/\",\"name\":\"A Igreja Mundial \\u00e9 chamada para apoiar os crist\\u00e3os nigerianos perseguidos - Mensagem Crist\\u00e3\",\"description\":\"Fonte: Mensagem Crist\\u00e3\\\/Com informa\\u00e7\\u00f5es do Christian Today Benjamin Kwashi (foto), arcebispo de Jos, no norte da Nig\\u00e9ria, expressou a necessidade de a Igreja \\\"em todos os lugares\\\" \\\"identificar a persegui\\u00e7\\u00e3o\\\" e \\\"fazer o que puder para ajudar os perseguidos\\\". \\\"O mundo secular odeia retratar o sofrimento atual dos crist\\u00e3os como persegui\\u00e7\\u00e3o. A principal raz\\u00e3o\",\"inLanguage\":\"pt-BR\",\"isPartOf\":{\"@id\":\"https:\\\/\\\/mensagemcrista.com\\\/#website\"},\"breadcrumb\":{\"@id\":\"https:\\\/\\\/mensagemcrista.com\\\/index.php\\\/2023\\\/04\\\/06\\\/a-igreja-mundial-e-chamada-para-apoiar-os-cristaos-nigerianos-perseguidos\\\/#breadcrumblist\"},\"author\":{\"@id\":\"https:\\\/\\\/mensagemcrista.com\\\/index.php\\\/author\\\/sebastiao\\\/#author\"},\"creator\":{\"@id\":\"https:\\\/\\\/mensagemcrista.com\\\/index.php\\\/author\\\/sebastiao\\\/#author\"},\"image\":{\"@type\":\"ImageObject\",\"url\":\"https:\\\/\\\/mensagemcrista.com\\\/wp-content\\\/uploads\\\/2023\\\/04\\\/ben-kwashi.jpg\",\"@id\":\"https:\\\/\\\/mensagemcrista.com\\\/index.php\\\/2023\\\/04\\\/06\\\/a-igreja-mundial-e-chamada-para-apoiar-os-cristaos-nigerianos-perseguidos\\\/#mainImage\",\"width\":380,\"height\":245},\"primaryImageOfPage\":{\"@id\":\"https:\\\/\\\/mensagemcrista.com\\\/index.php\\\/2023\\\/04\\\/06\\\/a-igreja-mundial-e-chamada-para-apoiar-os-cristaos-nigerianos-perseguidos\\\/#mainImage\"},\"datePublished\":\"2023-04-06T18:38:46-03:00\",\"dateModified\":\"2023-04-06T18:38:46-03:00\"},{\"@type\":\"WebSite\",\"@id\":\"https:\\\/\\\/mensagemcrista.com\\\/#website\",\"url\":\"https:\\\/\\\/mensagemcrista.com\\\/\",\"name\":\"Mensagem Crist\\u00e3\",\"description\":\"Anunciando a Mensagem de Jesus Cristo\",\"inLanguage\":\"pt-BR\",\"publisher\":{\"@id\":\"https:\\\/\\\/mensagemcrista.com\\\/#organization\"}}]}\n\t\t<\/script>\n\t\t<!-- All in One SEO -->\n\n","aioseo_head_json":{"title":"A Igreja Mundial \u00e9 chamada para apoiar os crist\u00e3os nigerianos perseguidos - Mensagem Crist\u00e3","description":"Fonte: Mensagem Crist\u00e3\/Com informa\u00e7\u00f5es do Christian Today Benjamin Kwashi (foto), arcebispo de Jos, no norte da Nig\u00e9ria, expressou a necessidade de a Igreja \"em todos os lugares\" \"identificar a persegui\u00e7\u00e3o\" e \"fazer o que puder para ajudar os perseguidos\". \"O mundo secular odeia retratar o sofrimento atual dos crist\u00e3os como persegui\u00e7\u00e3o. A principal raz\u00e3o","canonical_url":"https:\/\/mensagemcrista.com\/index.php\/2023\/04\/06\/a-igreja-mundial-e-chamada-para-apoiar-os-cristaos-nigerianos-perseguidos\/","robots":"max-image-preview:large","keywords":"","webmasterTools":{"miscellaneous":""},"schema":{"@context":"https:\/\/schema.org","@graph":[{"@type":"BlogPosting","@id":"https:\/\/mensagemcrista.com\/index.php\/2023\/04\/06\/a-igreja-mundial-e-chamada-para-apoiar-os-cristaos-nigerianos-perseguidos\/#blogposting","name":"A Igreja Mundial \u00e9 chamada para apoiar os crist\u00e3os nigerianos perseguidos - Mensagem Crist\u00e3","headline":"A Igreja Mundial \u00e9 chamada para apoiar os crist\u00e3os nigerianos perseguidos","author":{"@id":"https:\/\/mensagemcrista.com\/index.php\/author\/sebastiao\/#author"},"publisher":{"@id":"https:\/\/mensagemcrista.com\/#organization"},"image":{"@type":"ImageObject","url":"https:\/\/mensagemcrista.com\/wp-content\/uploads\/2023\/04\/ben-kwashi.jpg","width":380,"height":245},"datePublished":"2023-04-06T18:38:46-03:00","dateModified":"2023-04-06T18:38:46-03:00","inLanguage":"pt-BR","mainEntityOfPage":{"@id":"https:\/\/mensagemcrista.com\/index.php\/2023\/04\/06\/a-igreja-mundial-e-chamada-para-apoiar-os-cristaos-nigerianos-perseguidos\/#webpage"},"isPartOf":{"@id":"https:\/\/mensagemcrista.com\/index.php\/2023\/04\/06\/a-igreja-mundial-e-chamada-para-apoiar-os-cristaos-nigerianos-perseguidos\/#webpage"},"articleSection":"Destaque, Vida Crist\u00e3"},{"@type":"BreadcrumbList","@id":"https:\/\/mensagemcrista.com\/index.php\/2023\/04\/06\/a-igreja-mundial-e-chamada-para-apoiar-os-cristaos-nigerianos-perseguidos\/#breadcrumblist","itemListElement":[{"@type":"ListItem","@id":"https:\/\/mensagemcrista.com#listItem","position":1,"name":"In\u00edcio","item":"https:\/\/mensagemcrista.com","nextItem":{"@type":"ListItem","@id":"https:\/\/mensagemcrista.com\/index.php\/category\/destaque\/#listItem","name":"Destaque"}},{"@type":"ListItem","@id":"https:\/\/mensagemcrista.com\/index.php\/category\/destaque\/#listItem","position":2,"name":"Destaque","item":"https:\/\/mensagemcrista.com\/index.php\/category\/destaque\/","nextItem":{"@type":"ListItem","@id":"https:\/\/mensagemcrista.com\/index.php\/2023\/04\/06\/a-igreja-mundial-e-chamada-para-apoiar-os-cristaos-nigerianos-perseguidos\/#listItem","name":"A Igreja Mundial \u00e9 chamada para apoiar os crist\u00e3os nigerianos perseguidos"},"previousItem":{"@type":"ListItem","@id":"https:\/\/mensagemcrista.com#listItem","name":"In\u00edcio"}},{"@type":"ListItem","@id":"https:\/\/mensagemcrista.com\/index.php\/2023\/04\/06\/a-igreja-mundial-e-chamada-para-apoiar-os-cristaos-nigerianos-perseguidos\/#listItem","position":3,"name":"A Igreja Mundial \u00e9 chamada para apoiar os crist\u00e3os nigerianos perseguidos","previousItem":{"@type":"ListItem","@id":"https:\/\/mensagemcrista.com\/index.php\/category\/destaque\/#listItem","name":"Destaque"}}]},{"@type":"Organization","@id":"https:\/\/mensagemcrista.com\/#organization","name":"Mensagem Crist\u00e3","description":"Anunciando a Mensagem de Jesus Cristo","url":"https:\/\/mensagemcrista.com\/","telephone":"+5567996682849","logo":{"@type":"ImageObject","url":"https:\/\/mensagemcrista.com\/wp-content\/uploads\/2023\/05\/243838673_247055890766427_2339287514475972002_n.jpg","@id":"https:\/\/mensagemcrista.com\/index.php\/2023\/04\/06\/a-igreja-mundial-e-chamada-para-apoiar-os-cristaos-nigerianos-perseguidos\/#organizationLogo","width":2048,"height":2048},"image":{"@id":"https:\/\/mensagemcrista.com\/index.php\/2023\/04\/06\/a-igreja-mundial-e-chamada-para-apoiar-os-cristaos-nigerianos-perseguidos\/#organizationLogo"},"sameAs":["https:\/\/www.facebook.com\/msgcristabr\/","https:\/\/www.youtube.com\/@mensagemcrista422"]},{"@type":"Person","@id":"https:\/\/mensagemcrista.com\/index.php\/author\/sebastiao\/#author","url":"https:\/\/mensagemcrista.com\/index.php\/author\/sebastiao\/","name":"Sebasti\u00e3o Neto","image":{"@type":"ImageObject","@id":"https:\/\/mensagemcrista.com\/index.php\/2023\/04\/06\/a-igreja-mundial-e-chamada-para-apoiar-os-cristaos-nigerianos-perseguidos\/#authorImage","url":"https:\/\/secure.gravatar.com\/avatar\/d69d416ddf34af97c8a75a4e2176e41bec4ca0e400dfc1f01aafac62fcb0c5d3?s=96&d=mm&r=g","width":96,"height":96,"caption":"Sebasti\u00e3o Neto"}},{"@type":"WebPage","@id":"https:\/\/mensagemcrista.com\/index.php\/2023\/04\/06\/a-igreja-mundial-e-chamada-para-apoiar-os-cristaos-nigerianos-perseguidos\/#webpage","url":"https:\/\/mensagemcrista.com\/index.php\/2023\/04\/06\/a-igreja-mundial-e-chamada-para-apoiar-os-cristaos-nigerianos-perseguidos\/","name":"A Igreja Mundial \u00e9 chamada para apoiar os crist\u00e3os nigerianos perseguidos - Mensagem Crist\u00e3","description":"Fonte: Mensagem Crist\u00e3\/Com informa\u00e7\u00f5es do Christian Today Benjamin Kwashi (foto), arcebispo de Jos, no norte da Nig\u00e9ria, expressou a necessidade de a Igreja \"em todos os lugares\" \"identificar a persegui\u00e7\u00e3o\" e \"fazer o que puder para ajudar os perseguidos\". \"O mundo secular odeia retratar o sofrimento atual dos crist\u00e3os como persegui\u00e7\u00e3o. A principal raz\u00e3o","inLanguage":"pt-BR","isPartOf":{"@id":"https:\/\/mensagemcrista.com\/#website"},"breadcrumb":{"@id":"https:\/\/mensagemcrista.com\/index.php\/2023\/04\/06\/a-igreja-mundial-e-chamada-para-apoiar-os-cristaos-nigerianos-perseguidos\/#breadcrumblist"},"author":{"@id":"https:\/\/mensagemcrista.com\/index.php\/author\/sebastiao\/#author"},"creator":{"@id":"https:\/\/mensagemcrista.com\/index.php\/author\/sebastiao\/#author"},"image":{"@type":"ImageObject","url":"https:\/\/mensagemcrista.com\/wp-content\/uploads\/2023\/04\/ben-kwashi.jpg","@id":"https:\/\/mensagemcrista.com\/index.php\/2023\/04\/06\/a-igreja-mundial-e-chamada-para-apoiar-os-cristaos-nigerianos-perseguidos\/#mainImage","width":380,"height":245},"primaryImageOfPage":{"@id":"https:\/\/mensagemcrista.com\/index.php\/2023\/04\/06\/a-igreja-mundial-e-chamada-para-apoiar-os-cristaos-nigerianos-perseguidos\/#mainImage"},"datePublished":"2023-04-06T18:38:46-03:00","dateModified":"2023-04-06T18:38:46-03:00"},{"@type":"WebSite","@id":"https:\/\/mensagemcrista.com\/#website","url":"https:\/\/mensagemcrista.com\/","name":"Mensagem Crist\u00e3","description":"Anunciando a Mensagem de Jesus Cristo","inLanguage":"pt-BR","publisher":{"@id":"https:\/\/mensagemcrista.com\/#organization"}}]},"og:locale":"pt_BR","og:site_name":"Mensagem Crist\u00e3","og:type":"article","og:title":"A Igreja Mundial \u00e9 chamada para apoiar os crist\u00e3os nigerianos perseguidos - Mensagem Crist\u00e3","og:description":"Fonte: Mensagem Crist\u00e3\/Com informa\u00e7\u00f5es do Christian Today Benjamin Kwashi (foto), arcebispo de Jos, no norte da Nig\u00e9ria, expressou a necessidade de a Igreja &quot;em todos os lugares&quot; &quot;identificar a persegui\u00e7\u00e3o&quot; e &quot;fazer o que puder para ajudar os perseguidos&quot;. &quot;O mundo secular odeia retratar o sofrimento atual dos crist\u00e3os como persegui\u00e7\u00e3o. A principal raz\u00e3o","og:url":"https:\/\/mensagemcrista.com\/index.php\/2023\/04\/06\/a-igreja-mundial-e-chamada-para-apoiar-os-cristaos-nigerianos-perseguidos\/","og:image":"https:\/\/mensagemcrista.com\/wp-content\/uploads\/2023\/04\/ben-kwashi.jpg","og:image:secure_url":"https:\/\/mensagemcrista.com\/wp-content\/uploads\/2023\/04\/ben-kwashi.jpg","og:image:width":380,"og:image:height":245,"article:published_time":"2023-04-06T21:38:46+00:00","article:modified_time":"2023-04-06T21:38:46+00:00","article:publisher":"https:\/\/www.facebook.com\/msgcristabr\/","twitter:card":"summary","twitter:title":"A Igreja Mundial \u00e9 chamada para apoiar os crist\u00e3os nigerianos perseguidos - Mensagem Crist\u00e3","twitter:description":"Fonte: Mensagem Crist\u00e3\/Com informa\u00e7\u00f5es do Christian Today Benjamin Kwashi (foto), arcebispo de Jos, no norte da Nig\u00e9ria, expressou a necessidade de a Igreja &quot;em todos os lugares&quot; &quot;identificar a persegui\u00e7\u00e3o&quot; e &quot;fazer o que puder para ajudar os perseguidos&quot;. &quot;O mundo secular odeia retratar o sofrimento atual dos crist\u00e3os como persegui\u00e7\u00e3o. A principal raz\u00e3o","twitter:image":"https:\/\/mensagemcrista.com\/wp-content\/uploads\/2023\/04\/ben-kwashi.jpg"},"aioseo_meta_data":{"post_id":"17809","title":null,"description":null,"keywords":[],"keyphrases":{"focus":{"keyphrase":"","score":0,"analysis":{"keyphraseInTitle":{"score":0,"maxScore":9,"error":1}}},"additional":[]},"primary_term":null,"canonical_url":null,"og_title":null,"og_description":null,"og_object_type":"default","og_image_type":"default","og_image_url":null,"og_image_width":null,"og_image_height":null,"og_image_custom_url":null,"og_image_custom_fields":null,"og_video":"","og_custom_url":null,"og_article_section":null,"og_article_tags":[],"twitter_use_og":false,"twitter_card":"default","twitter_image_type":"default","twitter_image_url":null,"twitter_image_custom_url":null,"twitter_image_custom_fields":null,"twitter_title":null,"twitter_description":null,"schema":{"blockGraphs":[],"customGraphs":[],"default":{"data":{"Article":[],"Course":[],"Dataset":[],"FAQPage":[],"Movie":[],"Person":[],"Product":[],"ProductReview":[],"Car":[],"Recipe":[],"Service":[],"SoftwareApplication":[],"WebPage":[]},"graphName":"BlogPosting","isEnabled":true},"graphs":[]},"schema_type":"default","schema_type_options":null,"pillar_content":false,"robots_default":true,"robots_noindex":false,"robots_noarchive":false,"robots_nosnippet":false,"robots_nofollow":false,"robots_noimageindex":false,"robots_noodp":false,"robots_notranslate":false,"robots_max_snippet":"-1","robots_max_videopreview":"-1","robots_max_imagepreview":"large","priority":null,"frequency":"default","local_seo":null,"breadcrumb_settings":null,"limit_modified_date":false,"ai":null,"created":"2023-04-06 21:38:46","updated":"2025-06-04 06:49:27","seo_analyzer_scan_date":null,"focus_keyword":null,"additional_keywords":null,"truseo_locale":null},"aioseo_breadcrumb":"<div class=\"aioseo-breadcrumbs\"><span class=\"aioseo-breadcrumb\">\n\t\t\t<a href=\"https:\/\/mensagemcrista.com\" title=\"In\u00edcio\">In\u00edcio<\/a>\n\t\t<\/span><span class=\"aioseo-breadcrumb-separator\">&raquo;<\/span><span class=\"aioseo-breadcrumb\">\n\t\t\t<a href=\"https:\/\/mensagemcrista.com\/index.php\/category\/destaque\/\" title=\"Destaque\">Destaque<\/a>\n\t\t<\/span><span class=\"aioseo-breadcrumb-separator\">&raquo;<\/span><span class=\"aioseo-breadcrumb\">\n\t\t\tA Igreja Mundial \u00e9 chamada para apoiar os crist\u00e3os nigerianos perseguidos\n\t\t<\/span><\/div>","aioseo_breadcrumb_json":[{"label":"In\u00edcio","link":"https:\/\/mensagemcrista.com"},{"label":"Destaque","link":"https:\/\/mensagemcrista.com\/index.php\/category\/destaque\/"},{"label":"A Igreja Mundial \u00e9 chamada para apoiar os crist\u00e3os nigerianos perseguidos","link":"https:\/\/mensagemcrista.com\/index.php\/2023\/04\/06\/a-igreja-mundial-e-chamada-para-apoiar-os-cristaos-nigerianos-perseguidos\/"}],"_links":{"self":[{"href":"https:\/\/mensagemcrista.com\/index.php\/wp-json\/wp\/v2\/posts\/17809","targetHints":{"allow":["GET"]}}],"collection":[{"href":"https:\/\/mensagemcrista.com\/index.php\/wp-json\/wp\/v2\/posts"}],"about":[{"href":"https:\/\/mensagemcrista.com\/index.php\/wp-json\/wp\/v2\/types\/post"}],"author":[{"embeddable":true,"href":"https:\/\/mensagemcrista.com\/index.php\/wp-json\/wp\/v2\/users\/6"}],"replies":[{"embeddable":true,"href":"https:\/\/mensagemcrista.com\/index.php\/wp-json\/wp\/v2\/comments?post=17809"}],"version-history":[{"count":1,"href":"https:\/\/mensagemcrista.com\/index.php\/wp-json\/wp\/v2\/posts\/17809\/revisions"}],"predecessor-version":[{"id":17811,"href":"https:\/\/mensagemcrista.com\/index.php\/wp-json\/wp\/v2\/posts\/17809\/revisions\/17811"}],"wp:featuredmedia":[{"embeddable":true,"href":"https:\/\/mensagemcrista.com\/index.php\/wp-json\/wp\/v2\/media\/17810"}],"wp:attachment":[{"href":"https:\/\/mensagemcrista.com\/index.php\/wp-json\/wp\/v2\/media?parent=17809"}],"wp:term":[{"taxonomy":"category","embeddable":true,"href":"https:\/\/mensagemcrista.com\/index.php\/wp-json\/wp\/v2\/categories?post=17809"},{"taxonomy":"post_tag","embeddable":true,"href":"https:\/\/mensagemcrista.com\/index.php\/wp-json\/wp\/v2\/tags?post=17809"}],"curies":[{"name":"wp","href":"https:\/\/api.w.org\/{rel}","templated":true}]}}