{"id":18005,"date":"2023-06-25T17:30:41","date_gmt":"2023-06-25T20:30:41","guid":{"rendered":"https:\/\/mensagemcrista.com\/?p=18005"},"modified":"2023-06-25T17:30:41","modified_gmt":"2023-06-25T20:30:41","slug":"nao-ha-ateus-em-cima-de-foguetes","status":"publish","type":"post","link":"https:\/\/mensagemcrista.com\/index.php\/2023\/06\/25\/nao-ha-ateus-em-cima-de-foguetes\/","title":{"rendered":"&#8216;N\u00e3o h\u00e1 ateus&#8230; em cima de foguetes&#8217;"},"content":{"rendered":"<p>Victor Glover &#8211; que serviu na Esta\u00e7\u00e3o Espacial Internacional e pilotar\u00e1 a miss\u00e3o Artemis II da NASA para a lua no pr\u00f3ximo ano &#8211; falou com BT Irwin sobre sua perspectiva \u00fanica como astronauta crist\u00e3o.<\/p>\n<p>A seguir est\u00e3o trechos dessa entrevista do epis\u00f3dio 20 do podcast The Christian Chronicle , que foram levemente editados para maior clareza e estilo.<\/p>\n<p><strong>BT: <\/strong>Quando penso em empregos que exigem disciplina, n\u00e3o consigo imaginar nenhum trabalho que exija mais disciplina do que ser um astronauta. E voc\u00ea sabe que \u201cdisciplina\u201d e \u201cdisc\u00edpulo\u201d v\u00eam da mesma raiz.<\/p>\n<p>Ent\u00e3o, diga-me como a disciplina de ser um astronauta influenciou a disciplina necess\u00e1ria para voc\u00ea ser um disc\u00edpulo de Jesus Cristo.<\/p>\n<p><strong>Victor Glover<\/strong>: Voc\u00ea sabe, minha f\u00e9 e minha carreira cient\u00edfica e operacional e militar est\u00e3o interligadas. Estou no ex\u00e9rcito h\u00e1 26 anos e tenho feito essas coisas cada vez mais desafiadoras. E eu diria que tudo isso \u00e9 constru\u00eddo sobre um fundamento de f\u00e9.<\/p>\n<p>Minha carreira \u00e9 alimentada por minha f\u00e9, e voc\u00ea sabe, sempre que fa\u00e7o algo muito arriscado, eu rezo &#8211; antes de voar, toda vez que eu voar. Eu voo de avi\u00e3o algumas vezes por semana. Definitivamente quando voc\u00ea vai sentar no topo de um foguete.<\/p>\n<p>Nas for\u00e7as armadas, h\u00e1 um ditado que diz que n\u00e3o h\u00e1 ateus em trincheiras. Tamb\u00e9m n\u00e3o h\u00e1 nenhum em cima de foguetes, eu acho.<\/p>\n<p>Mas n\u00e3o \u00e9 s\u00f3 isso, no entanto. \u00c9 apenas reconhecer minha mortalidade. Como voc\u00ea disse, como a disciplina neste trabalho est\u00e1 ligada ao discipulado?<\/p>\n<p>\u00c9 realmente interessante para mim como trabalhar na NASA evoca a conversa sobre a cria\u00e7\u00e3o.<\/p>\n<p>Falamos sobre nosso sistema solar, e frequentemente me refiro \u00e0 beleza da cria\u00e7\u00e3o. As pessoas ouvem isso e \u00e9 como uma palavra-chave para certas pessoas. Mas isso \u00e9 na igreja e na NASA.<\/p>\n<p>Quando os crist\u00e3os ouvem que eu trabalho na NASA, eles querem falar sobre isso&#8230; e tamb\u00e9m o pessoal da NASA quer falar sobre isso. E assim, na verdade, descubro que advogo por ambos, e cada um fortalece meu compromisso com o outro.<\/p>\n<p>Relacionado: Astronauta crist\u00e3o pilotar\u00e1 a primeira miss\u00e3o lunar tripulada desde 1972<\/p>\n<p>\u00c9 realmente interessante como, quando pe\u00e7o \u00e0s pessoas que falem sobre o que a f\u00edsica te\u00f3rica diz sobre o in\u00edcio do universo, voc\u00ea provavelmente j\u00e1 ouviu falar do Big Bang, e \u00e9 essa ideia de &#8216;cria\u00e7\u00e3o versus evolu\u00e7\u00e3o&#8217;.<\/p>\n<p>E n\u00e3o acredito nesse conflito.<\/p>\n<p>Quando voc\u00ea fala sobre o que o Big Bang diz &#8211; houve essa explos\u00e3o, essa libera\u00e7\u00e3o de energia e luz que esfriou e escureceu. E ent\u00e3o houve uma cole\u00e7\u00e3o de massa que era t\u00e3o massiva, a gravidade que ela criou atraiu, criou press\u00e3o e algumas delas inflamaram novamente \u2013 voc\u00ea teve as primeiras estrelas, mais luz, mas tamb\u00e9m manchas de escurid\u00e3o e a cole\u00e7\u00e3o de certos corpos que desenvolveram atmosferas e \u00e1gua.<\/p>\n<p>Quando voc\u00ea pede a algu\u00e9m para passar por isso &#8211; diga como um humano &#8211; voc\u00ea descobre que, se abrir a hist\u00f3ria da cria\u00e7\u00e3o em G\u00eanesis, eles s\u00e3o semelhantes.<\/p>\n<p>O que gosto de lembrar \u00e0s pessoas \u00e9 que a f\u00edsica te\u00f3rica na verdade n\u00e3o disse que o que est\u00e1 na B\u00edblia n\u00e3o \u00e9 como o universo come\u00e7ou. E o que a B\u00edblia diz n\u00e3o descarta o que pensamos que sabemos.<\/p>\n<p>A lua \u00e9 uma c\u00e1psula do tempo para a Terra, e achamos que \u00e9 antiga \u2013 cerca de 4,5 bilh\u00f5es de anos. E meu pregador costumava me dizer: \u201cSim, mas a NASA est\u00e1 errada porque eu sei que a Terra tem cerca de 10.000 anos\u201d.<\/p>\n<p>Eu disse: \u201cComo voc\u00ea sabe disso?\u201d<\/p>\n<p>Ele me guiou pelas linhagens da B\u00edblia e eu disse: \u201cMas isso n\u00e3o marca nenhum per\u00edodo de tempo espec\u00edfico\u201d.<\/p>\n<p>E n\u00e3o precisa porque o poder do Evangelho n\u00e3o est\u00e1 em uma linha do tempo. Est\u00e1 nessa mensagem, nessa promessa, e essa promessa sendo cumprida. Ent\u00e3o, na verdade, eles n\u00e3o trabalham um contra o outro, como algumas pessoas gostam de afirmar que fazem.<\/p>\n<p>Eu tive que navegar por causa da minha f\u00e9 e minha cren\u00e7a na ci\u00eancia. Acredito em ambos e n\u00e3o os considero conflitantes. E acho que me ajudou ser um embaixador de ambos os lados.<\/p>\n<blockquote><p><em>\u201cO poder do Evangelho n\u00e3o est\u00e1 em uma linha do tempo. Est\u00e1 nessa mensagem, nessa promessa. \u2026 Eu tive que navegar por causa da minha f\u00e9 e da minha cren\u00e7a na ci\u00eancia. Acredito em ambos e n\u00e3o os considero conflitantes.\u201d<\/em><\/p><\/blockquote>\n<p><strong>BT:<\/strong> A lenda \u00e9 que voc\u00ea tomou comunh\u00e3o pr\u00e9-embalada com voc\u00ea quando foi para o espa\u00e7o. Conta pra gente, como \u00e9 tomar a Ceia do Senhor no espa\u00e7o?<\/p>\n<p><strong>Victor Glover<\/strong>: Foi especial e n\u00e3o especial ao mesmo tempo.<\/p>\n<p>Em primeiro lugar, foi incr\u00edvel. Foi apenas &#8211; quero dizer, a perspectiva, certo? Estou neste lugar realmente \u00fanico. E fiquei muito grato por isso.<\/p>\n<p>Estar vivo na esta\u00e7\u00e3o espacial era como experimentar um milagre \u2013 toda a tecnologia que tinha que funcionar perfeitamente para chegar l\u00e1. E ent\u00e3o eu estava em constante ora\u00e7\u00e3o e a\u00e7\u00e3o de gra\u00e7as por ter funcionado bem.<\/p>\n<p>Mas quando finalmente encontrei meus suprimentos de comunh\u00e3o e comunguei pela primeira vez, orei. Minha ora\u00e7\u00e3o era que toda vez que eu comungasse, ela pareceria t\u00e3o especial quanto esta.<\/p>\n<p>E quando terminei aquela ora\u00e7\u00e3o, percebi que estar no espa\u00e7o n\u00e3o torna a comunh\u00e3o especial. O fato de que Deus n\u00e3o disse apenas: \u201cLembre-se de mim, lembre-se do que eu fiz por voc\u00ea\u201d &#8211; ele disse: \u201cFa\u00e7a isso, tome essa a\u00e7\u00e3o, fa\u00e7a isso em mem\u00f3ria de mim. Proclame a morte do Senhor at\u00e9 que ele volte.\u201d<\/p>\n<p>\u201cO que percebi foi que estar no espa\u00e7o n\u00e3o torna a comunh\u00e3o especial. \u2026 A beleza da comunh\u00e3o \u00e9 que, quando a tomamos, estamos todos juntos na presen\u00e7a de Deus, pensando no sacrif\u00edcio que foi feito\u201d.<\/p>\n<blockquote><p><em>E ent\u00e3o eu pensei: \u201cEspere, a beleza da comunh\u00e3o \u00e9 que, quando tomamos isso, estamos todos juntos na presen\u00e7a de Deus, pensando no sacrif\u00edcio que foi feito, nas vidas que devemos viver agora e em seu retorno. .\u201d<\/em><\/p><\/blockquote>\n<p>E eu apenas disse: \u201cUau, eu deveria saber disso antes de chegar aqui. Mas agora eu sei disso porque estou fazendo isso no espa\u00e7o.\u201d<\/p>\n<p>Isso realmente me deu uma nova perspectiva sobre a comunh\u00e3o. E quando comungo agora, tento lembrar que \u00e9 t\u00e3o especial quanto quando o fiz no espa\u00e7o &#8211; n\u00e3o por causa de onde estou, mas por causa de quem sou.<\/p>\n<p><strong>BT<\/strong>: Isso \u00e9 incr\u00edvel. Voc\u00ea sabe, Romanos cap\u00edtulo 1, vers\u00edculo 20, diz que desde a cria\u00e7\u00e3o do mundo, o poder eterno de Deus e a natureza divina, embora invis\u00edveis, t\u00eam sido vistos e compreendidos por meio das coisas que Deus criou.<\/p>\n<p>Voc\u00ea viu as coisas que Deus fez que nenhum de n\u00f3s que estamos presos \u00e0 Terra foi capaz de ver. O que voc\u00ea passou a ver ent\u00e3o sobre o poder eterno e a natureza divina de Deus?<\/p>\n<p><strong>Victor Glover<\/strong>: Ent\u00e3o, n\u00e3o sei se voc\u00ea j\u00e1 ouviu falar do efeito de vis\u00e3o geral, como a vis\u00e3o de mundo de algu\u00e9m muda ao ir para o espa\u00e7o e ver a Terra sem fronteiras, sem lendas, sem equipamento de medi\u00e7\u00e3o de dist\u00e2ncia &#8211; do jeito que est\u00e1 em sua bela cria\u00e7\u00e3o.<\/p>\n<p>E essa Escritura \u00e9 o que realmente fica em meu cora\u00e7\u00e3o quando penso nisso. Mas desde que voltei, percebi que n\u00e3o \u00e9 apenas para segurar na frente das pessoas. Sinto que sou um embaixador &#8211; assim como sou um embaixador do reino celestial, tamb\u00e9m sou um embaixador do espa\u00e7o.<\/p>\n<p>E tentar trazer isso para as pessoas &#8211; esta \u00e9 talvez uma das hist\u00f3rias mais importantes que posso contar: sentei-me entre tudo o que j\u00e1 conheci e amei.<\/p>\n<p>Shakespeare, Gandhi, Jesus Cristo andou por aquela Terra, e eu estou olhando para ela, tudo, minha esposa e filhos est\u00e3o l\u00e1, e eu n\u00e3o estou naquele planeta. Essa \u00e9 uma perspectiva muito interessante.<\/p>\n<p>E ent\u00e3o olhei para a escurid\u00e3o. \u00c0s vezes \u00e9 salpicado por estrelas &#8211; quando a Terra \u00e9 realmente azul brilhante, por\u00e9m, \u00e9 muito brilhante e voc\u00ea n\u00e3o pode ver as estrelas.<\/p>\n<p>E entre esses, nesta m\u00e1quina que est\u00e1 me mantendo vivo, me senti muito pequeno e insignificante.<\/p>\n<p>Mas com todos os recursos da NASA e do governo, procuramos por vida em outro lugar do universo, e o \u00fanico lugar onde ela existe \u00e9 naquela rocha. E fez com que parecesse pequeno, mas incrivelmente especial.<\/p>\n<p>\u201cCom todos os recursos da NASA e do governo, procuramos por vida em outras partes do universo, e o \u00fanico lugar onde ela existe \u00e9 naquela rocha. E fez com que parecesse pequeno, mas incrivelmente especial. Por que Deus pensaria em n\u00f3s?\u201d<\/p>\n<blockquote><p><em>Por que Deus pensaria em n\u00f3s? Por que ter\u00edamos esta casa nos c\u00e9us?<\/em><\/p><\/blockquote>\n<p>Foi um momento muito interessante para se sentir pequeno, porque voc\u00ea pode ver que n\u00e3o h\u00e1 muito nada l\u00e1 fora. Quero dizer, foi incr\u00edvel.<\/p>\n<p>E ent\u00e3o perceber que &#8211; mas h\u00e1 tanta coisa especial sobre aquele lugar &#8211; que Deus colocaria sua m\u00e3o ao redor dele e o protegeria e permitiria que tiv\u00e9ssemos a seguran\u00e7a daquele planeta.<\/p>\n<p>Foi profundo para mim. Isso realmente me fez pensar sobre nosso planeta e como cuidamos dele e de nosso povo &#8211; como cuidamos uns dos outros.<\/p>\n<p>Eu estava em Israel conversando com um grupo de estudantes \u00e1rabes e, no final, uma das crian\u00e7as gritou: \u201cObrigado, irm\u00e3o!\u201d Em ingl\u00eas. E eu disse: \u201cIsso mesmo. Somos todos irm\u00e3os e irm\u00e3s.\u201d<\/p>\n<p>Eu gostaria que mais de n\u00f3s pud\u00e9ssemos ver assim, sentir que somos irm\u00e3os e irm\u00e3s.<\/p>\n<pre>Fonte: Mensagem Crist\u00e3\/Com informa\u00e7\u00f5es do ChristianChronicle.<\/pre>\n","protected":false},"excerpt":{"rendered":"<p>Victor Glover &#8211; que serviu na Esta\u00e7\u00e3o Espacial Internacional e pilotar\u00e1 a miss\u00e3o Artemis II da NASA para a lua no pr\u00f3ximo ano &#8211; falou com BT Irwin sobre sua perspectiva \u00fanica como astronauta crist\u00e3o. A seguir est\u00e3o trechos dessa entrevista do epis\u00f3dio 20 do podcast The Christian Chronicle , que foram levemente editados para [&hellip;]<\/p>\n","protected":false},"author":6,"featured_media":18007,"comment_status":"open","ping_status":"open","sticky":false,"template":"","format":"standard","meta":{"footnotes":""},"categories":[331],"tags":[],"class_list":["post-18005","post","type-post","status-publish","format-standard","has-post-thumbnail","hentry","category-vida-crista"],"aioseo_notices":[],"aioseo_head":"\n\t\t<!-- All in One SEO 5.0.1.1 - aioseo.com -->\n\t<meta name=\"description\" content=\"Victor Glover - que serviu na Esta\u00e7\u00e3o Espacial Internacional e pilotar\u00e1 a miss\u00e3o Artemis II da NASA para a lua no pr\u00f3ximo ano - falou com BT Irwin sobre sua perspectiva \u00fanica como astronauta crist\u00e3o. A seguir est\u00e3o trechos dessa entrevista do epis\u00f3dio 20 do podcast The Christian Chronicle , que foram levemente editados para\" \/>\n\t<meta name=\"robots\" content=\"max-image-preview:large\" \/>\n\t<meta name=\"author\" content=\"Sebasti\u00e3o Neto\"\/>\n\t<link rel=\"canonical\" href=\"https:\/\/mensagemcrista.com\/index.php\/2023\/06\/25\/nao-ha-ateus-em-cima-de-foguetes\/\" \/>\n\t<meta name=\"generator\" content=\"All in One SEO (AIOSEO) 5.0.1.1\" \/>\n\t\t<meta property=\"og:locale\" content=\"pt_BR\" \/>\n\t\t<meta property=\"og:site_name\" content=\"Mensagem Crist\u00e3\" \/>\n\t\t<meta property=\"og:type\" content=\"article\" \/>\n\t\t<meta property=\"og:title\" content=\"\u2018N\u00e3o h\u00e1 ateus\u2026 em cima de foguetes\u2019\" \/>\n\t\t<meta property=\"og:description\" content=\"Victor Glover - que serviu na Esta\u00e7\u00e3o Espacial Internacional e pilotar\u00e1 a miss\u00e3o Artemis II da NASA para a lua no pr\u00f3ximo ano - falou com BT Irwin sobre sua perspectiva \u00fanica como astronauta crist\u00e3o. A seguir est\u00e3o trechos dessa entrevista do epis\u00f3dio 20 do podcast The Christian Chronicle , que foram levemente editados para\" \/>\n\t\t<meta property=\"og:url\" content=\"https:\/\/mensagemcrista.com\/index.php\/2023\/06\/25\/nao-ha-ateus-em-cima-de-foguetes\/\" \/>\n\t\t<meta property=\"og:image\" content=\"https:\/\/mensagemcrista.com\/wp-content\/uploads\/2023\/06\/Glover-ISS-1536x1024-1.jpg\" \/>\n\t\t<meta property=\"og:image:secure_url\" content=\"https:\/\/mensagemcrista.com\/wp-content\/uploads\/2023\/06\/Glover-ISS-1536x1024-1.jpg\" \/>\n\t\t<meta property=\"og:image:width\" content=\"1536\" \/>\n\t\t<meta property=\"og:image:height\" content=\"1024\" \/>\n\t\t<meta property=\"article:published_time\" content=\"2023-06-25T20:30:41+00:00\" \/>\n\t\t<meta property=\"article:modified_time\" content=\"2023-06-25T20:30:41+00:00\" \/>\n\t\t<meta property=\"article:publisher\" content=\"https:\/\/www.facebook.com\/msgcristabr\/\" \/>\n\t\t<meta name=\"twitter:card\" content=\"summary\" \/>\n\t\t<meta name=\"twitter:title\" content=\"\u2018N\u00e3o h\u00e1 ateus\u2026 em cima de foguetes\u2019\" \/>\n\t\t<meta name=\"twitter:description\" content=\"Victor Glover - que serviu na Esta\u00e7\u00e3o Espacial Internacional e pilotar\u00e1 a miss\u00e3o Artemis II da NASA para a lua no pr\u00f3ximo ano - falou com BT Irwin sobre sua perspectiva \u00fanica como astronauta crist\u00e3o. A seguir est\u00e3o trechos dessa entrevista do epis\u00f3dio 20 do podcast The Christian Chronicle , que foram levemente editados para\" \/>\n\t\t<meta name=\"twitter:image\" content=\"https:\/\/mensagemcrista.com\/wp-content\/uploads\/2023\/06\/Glover-ISS-1536x1024-1.jpg\" \/>\n\t\t<script type=\"application\/ld+json\" class=\"aioseo-schema\">\n\t\t\t{\"@context\":\"https:\\\/\\\/schema.org\",\"@graph\":[{\"@type\":\"BlogPosting\",\"@id\":\"https:\\\/\\\/mensagemcrista.com\\\/index.php\\\/2023\\\/06\\\/25\\\/nao-ha-ateus-em-cima-de-foguetes\\\/#blogposting\",\"name\":\"\\u2018N\\u00e3o h\\u00e1 ateus\\u2026 em cima de foguetes\\u2019\",\"headline\":\"&#8216;N\\u00e3o h\\u00e1 ateus&#8230; em cima de foguetes&#8217;\",\"author\":{\"@id\":\"https:\\\/\\\/mensagemcrista.com\\\/index.php\\\/author\\\/sebastiao\\\/#author\"},\"publisher\":{\"@id\":\"https:\\\/\\\/mensagemcrista.com\\\/#organization\"},\"image\":{\"@type\":\"ImageObject\",\"url\":\"https:\\\/\\\/mensagemcrista.com\\\/wp-content\\\/uploads\\\/2023\\\/06\\\/Glover-ISS-1536x1024-1.jpg\",\"width\":1536,\"height\":1024},\"datePublished\":\"2023-06-25T17:30:41-03:00\",\"dateModified\":\"2023-06-25T17:30:41-03:00\",\"inLanguage\":\"pt-BR\",\"mainEntityOfPage\":{\"@id\":\"https:\\\/\\\/mensagemcrista.com\\\/index.php\\\/2023\\\/06\\\/25\\\/nao-ha-ateus-em-cima-de-foguetes\\\/#webpage\"},\"isPartOf\":{\"@id\":\"https:\\\/\\\/mensagemcrista.com\\\/index.php\\\/2023\\\/06\\\/25\\\/nao-ha-ateus-em-cima-de-foguetes\\\/#webpage\"},\"articleSection\":\"Vida Crist\\u00e3\"},{\"@type\":\"BreadcrumbList\",\"@id\":\"https:\\\/\\\/mensagemcrista.com\\\/index.php\\\/2023\\\/06\\\/25\\\/nao-ha-ateus-em-cima-de-foguetes\\\/#breadcrumblist\",\"itemListElement\":[{\"@type\":\"ListItem\",\"@id\":\"https:\\\/\\\/mensagemcrista.com#listItem\",\"position\":1,\"name\":\"In\\u00edcio\",\"item\":\"https:\\\/\\\/mensagemcrista.com\",\"nextItem\":{\"@type\":\"ListItem\",\"@id\":\"https:\\\/\\\/mensagemcrista.com\\\/index.php\\\/category\\\/vida-crista\\\/#listItem\",\"name\":\"Vida Crist\\u00e3\"}},{\"@type\":\"ListItem\",\"@id\":\"https:\\\/\\\/mensagemcrista.com\\\/index.php\\\/category\\\/vida-crista\\\/#listItem\",\"position\":2,\"name\":\"Vida Crist\\u00e3\",\"item\":\"https:\\\/\\\/mensagemcrista.com\\\/index.php\\\/category\\\/vida-crista\\\/\",\"nextItem\":{\"@type\":\"ListItem\",\"@id\":\"https:\\\/\\\/mensagemcrista.com\\\/index.php\\\/2023\\\/06\\\/25\\\/nao-ha-ateus-em-cima-de-foguetes\\\/#listItem\",\"name\":\"&#8216;N\\u00e3o h\\u00e1 ateus&#8230; em cima de foguetes&#8217;\"},\"previousItem\":{\"@type\":\"ListItem\",\"@id\":\"https:\\\/\\\/mensagemcrista.com#listItem\",\"name\":\"In\\u00edcio\"}},{\"@type\":\"ListItem\",\"@id\":\"https:\\\/\\\/mensagemcrista.com\\\/index.php\\\/2023\\\/06\\\/25\\\/nao-ha-ateus-em-cima-de-foguetes\\\/#listItem\",\"position\":3,\"name\":\"&#8216;N\\u00e3o h\\u00e1 ateus&#8230; em cima de foguetes&#8217;\",\"previousItem\":{\"@type\":\"ListItem\",\"@id\":\"https:\\\/\\\/mensagemcrista.com\\\/index.php\\\/category\\\/vida-crista\\\/#listItem\",\"name\":\"Vida Crist\\u00e3\"}}]},{\"@type\":\"Organization\",\"@id\":\"https:\\\/\\\/mensagemcrista.com\\\/#organization\",\"name\":\"Mensagem Crist\\u00e3\",\"description\":\"Anunciando a Mensagem de Jesus Cristo\",\"url\":\"https:\\\/\\\/mensagemcrista.com\\\/\",\"telephone\":\"+5567996682849\",\"logo\":{\"@type\":\"ImageObject\",\"url\":\"https:\\\/\\\/mensagemcrista.com\\\/wp-content\\\/uploads\\\/2023\\\/05\\\/243838673_247055890766427_2339287514475972002_n.jpg\",\"@id\":\"https:\\\/\\\/mensagemcrista.com\\\/index.php\\\/2023\\\/06\\\/25\\\/nao-ha-ateus-em-cima-de-foguetes\\\/#organizationLogo\",\"width\":2048,\"height\":2048},\"image\":{\"@id\":\"https:\\\/\\\/mensagemcrista.com\\\/index.php\\\/2023\\\/06\\\/25\\\/nao-ha-ateus-em-cima-de-foguetes\\\/#organizationLogo\"},\"sameAs\":[\"https:\\\/\\\/www.facebook.com\\\/msgcristabr\\\/\",\"https:\\\/\\\/www.youtube.com\\\/@mensagemcrista422\"]},{\"@type\":\"Person\",\"@id\":\"https:\\\/\\\/mensagemcrista.com\\\/index.php\\\/author\\\/sebastiao\\\/#author\",\"url\":\"https:\\\/\\\/mensagemcrista.com\\\/index.php\\\/author\\\/sebastiao\\\/\",\"name\":\"Sebasti\\u00e3o Neto\",\"image\":{\"@type\":\"ImageObject\",\"@id\":\"https:\\\/\\\/mensagemcrista.com\\\/index.php\\\/2023\\\/06\\\/25\\\/nao-ha-ateus-em-cima-de-foguetes\\\/#authorImage\",\"url\":\"https:\\\/\\\/secure.gravatar.com\\\/avatar\\\/d69d416ddf34af97c8a75a4e2176e41bec4ca0e400dfc1f01aafac62fcb0c5d3?s=96&d=mm&r=g\",\"width\":96,\"height\":96,\"caption\":\"Sebasti\\u00e3o Neto\"}},{\"@type\":\"WebPage\",\"@id\":\"https:\\\/\\\/mensagemcrista.com\\\/index.php\\\/2023\\\/06\\\/25\\\/nao-ha-ateus-em-cima-de-foguetes\\\/#webpage\",\"url\":\"https:\\\/\\\/mensagemcrista.com\\\/index.php\\\/2023\\\/06\\\/25\\\/nao-ha-ateus-em-cima-de-foguetes\\\/\",\"name\":\"\\u2018N\\u00e3o h\\u00e1 ateus\\u2026 em cima de foguetes\\u2019\",\"description\":\"Victor Glover - que serviu na Esta\\u00e7\\u00e3o Espacial Internacional e pilotar\\u00e1 a miss\\u00e3o Artemis II da NASA para a lua no pr\\u00f3ximo ano - falou com BT Irwin sobre sua perspectiva \\u00fanica como astronauta crist\\u00e3o. A seguir est\\u00e3o trechos dessa entrevista do epis\\u00f3dio 20 do podcast The Christian Chronicle , que foram levemente editados para\",\"inLanguage\":\"pt-BR\",\"isPartOf\":{\"@id\":\"https:\\\/\\\/mensagemcrista.com\\\/#website\"},\"breadcrumb\":{\"@id\":\"https:\\\/\\\/mensagemcrista.com\\\/index.php\\\/2023\\\/06\\\/25\\\/nao-ha-ateus-em-cima-de-foguetes\\\/#breadcrumblist\"},\"author\":{\"@id\":\"https:\\\/\\\/mensagemcrista.com\\\/index.php\\\/author\\\/sebastiao\\\/#author\"},\"creator\":{\"@id\":\"https:\\\/\\\/mensagemcrista.com\\\/index.php\\\/author\\\/sebastiao\\\/#author\"},\"image\":{\"@type\":\"ImageObject\",\"url\":\"https:\\\/\\\/mensagemcrista.com\\\/wp-content\\\/uploads\\\/2023\\\/06\\\/Glover-ISS-1536x1024-1.jpg\",\"@id\":\"https:\\\/\\\/mensagemcrista.com\\\/index.php\\\/2023\\\/06\\\/25\\\/nao-ha-ateus-em-cima-de-foguetes\\\/#mainImage\",\"width\":1536,\"height\":1024},\"primaryImageOfPage\":{\"@id\":\"https:\\\/\\\/mensagemcrista.com\\\/index.php\\\/2023\\\/06\\\/25\\\/nao-ha-ateus-em-cima-de-foguetes\\\/#mainImage\"},\"datePublished\":\"2023-06-25T17:30:41-03:00\",\"dateModified\":\"2023-06-25T17:30:41-03:00\"},{\"@type\":\"WebSite\",\"@id\":\"https:\\\/\\\/mensagemcrista.com\\\/#website\",\"url\":\"https:\\\/\\\/mensagemcrista.com\\\/\",\"name\":\"Mensagem Crist\\u00e3\",\"description\":\"Anunciando a Mensagem de Jesus Cristo\",\"inLanguage\":\"pt-BR\",\"publisher\":{\"@id\":\"https:\\\/\\\/mensagemcrista.com\\\/#organization\"}}]}\n\t\t<\/script>\n\t\t<!-- All in One SEO -->\n\n","aioseo_head_json":{"title":"\u2018N\u00e3o h\u00e1 ateus\u2026 em cima de foguetes\u2019","description":"Victor Glover - que serviu na Esta\u00e7\u00e3o Espacial Internacional e pilotar\u00e1 a miss\u00e3o Artemis II da NASA para a lua no pr\u00f3ximo ano - falou com BT Irwin sobre sua perspectiva \u00fanica como astronauta crist\u00e3o. A seguir est\u00e3o trechos dessa entrevista do epis\u00f3dio 20 do podcast The Christian Chronicle , que foram levemente editados para","canonical_url":"https:\/\/mensagemcrista.com\/index.php\/2023\/06\/25\/nao-ha-ateus-em-cima-de-foguetes\/","robots":"max-image-preview:large","keywords":"","webmasterTools":{"miscellaneous":""},"schema":{"@context":"https:\/\/schema.org","@graph":[{"@type":"BlogPosting","@id":"https:\/\/mensagemcrista.com\/index.php\/2023\/06\/25\/nao-ha-ateus-em-cima-de-foguetes\/#blogposting","name":"\u2018N\u00e3o h\u00e1 ateus\u2026 em cima de foguetes\u2019","headline":"&#8216;N\u00e3o h\u00e1 ateus&#8230; em cima de foguetes&#8217;","author":{"@id":"https:\/\/mensagemcrista.com\/index.php\/author\/sebastiao\/#author"},"publisher":{"@id":"https:\/\/mensagemcrista.com\/#organization"},"image":{"@type":"ImageObject","url":"https:\/\/mensagemcrista.com\/wp-content\/uploads\/2023\/06\/Glover-ISS-1536x1024-1.jpg","width":1536,"height":1024},"datePublished":"2023-06-25T17:30:41-03:00","dateModified":"2023-06-25T17:30:41-03:00","inLanguage":"pt-BR","mainEntityOfPage":{"@id":"https:\/\/mensagemcrista.com\/index.php\/2023\/06\/25\/nao-ha-ateus-em-cima-de-foguetes\/#webpage"},"isPartOf":{"@id":"https:\/\/mensagemcrista.com\/index.php\/2023\/06\/25\/nao-ha-ateus-em-cima-de-foguetes\/#webpage"},"articleSection":"Vida Crist\u00e3"},{"@type":"BreadcrumbList","@id":"https:\/\/mensagemcrista.com\/index.php\/2023\/06\/25\/nao-ha-ateus-em-cima-de-foguetes\/#breadcrumblist","itemListElement":[{"@type":"ListItem","@id":"https:\/\/mensagemcrista.com#listItem","position":1,"name":"In\u00edcio","item":"https:\/\/mensagemcrista.com","nextItem":{"@type":"ListItem","@id":"https:\/\/mensagemcrista.com\/index.php\/category\/vida-crista\/#listItem","name":"Vida Crist\u00e3"}},{"@type":"ListItem","@id":"https:\/\/mensagemcrista.com\/index.php\/category\/vida-crista\/#listItem","position":2,"name":"Vida Crist\u00e3","item":"https:\/\/mensagemcrista.com\/index.php\/category\/vida-crista\/","nextItem":{"@type":"ListItem","@id":"https:\/\/mensagemcrista.com\/index.php\/2023\/06\/25\/nao-ha-ateus-em-cima-de-foguetes\/#listItem","name":"&#8216;N\u00e3o h\u00e1 ateus&#8230; em cima de foguetes&#8217;"},"previousItem":{"@type":"ListItem","@id":"https:\/\/mensagemcrista.com#listItem","name":"In\u00edcio"}},{"@type":"ListItem","@id":"https:\/\/mensagemcrista.com\/index.php\/2023\/06\/25\/nao-ha-ateus-em-cima-de-foguetes\/#listItem","position":3,"name":"&#8216;N\u00e3o h\u00e1 ateus&#8230; em cima de foguetes&#8217;","previousItem":{"@type":"ListItem","@id":"https:\/\/mensagemcrista.com\/index.php\/category\/vida-crista\/#listItem","name":"Vida Crist\u00e3"}}]},{"@type":"Organization","@id":"https:\/\/mensagemcrista.com\/#organization","name":"Mensagem Crist\u00e3","description":"Anunciando a Mensagem de Jesus Cristo","url":"https:\/\/mensagemcrista.com\/","telephone":"+5567996682849","logo":{"@type":"ImageObject","url":"https:\/\/mensagemcrista.com\/wp-content\/uploads\/2023\/05\/243838673_247055890766427_2339287514475972002_n.jpg","@id":"https:\/\/mensagemcrista.com\/index.php\/2023\/06\/25\/nao-ha-ateus-em-cima-de-foguetes\/#organizationLogo","width":2048,"height":2048},"image":{"@id":"https:\/\/mensagemcrista.com\/index.php\/2023\/06\/25\/nao-ha-ateus-em-cima-de-foguetes\/#organizationLogo"},"sameAs":["https:\/\/www.facebook.com\/msgcristabr\/","https:\/\/www.youtube.com\/@mensagemcrista422"]},{"@type":"Person","@id":"https:\/\/mensagemcrista.com\/index.php\/author\/sebastiao\/#author","url":"https:\/\/mensagemcrista.com\/index.php\/author\/sebastiao\/","name":"Sebasti\u00e3o Neto","image":{"@type":"ImageObject","@id":"https:\/\/mensagemcrista.com\/index.php\/2023\/06\/25\/nao-ha-ateus-em-cima-de-foguetes\/#authorImage","url":"https:\/\/secure.gravatar.com\/avatar\/d69d416ddf34af97c8a75a4e2176e41bec4ca0e400dfc1f01aafac62fcb0c5d3?s=96&d=mm&r=g","width":96,"height":96,"caption":"Sebasti\u00e3o Neto"}},{"@type":"WebPage","@id":"https:\/\/mensagemcrista.com\/index.php\/2023\/06\/25\/nao-ha-ateus-em-cima-de-foguetes\/#webpage","url":"https:\/\/mensagemcrista.com\/index.php\/2023\/06\/25\/nao-ha-ateus-em-cima-de-foguetes\/","name":"\u2018N\u00e3o h\u00e1 ateus\u2026 em cima de foguetes\u2019","description":"Victor Glover - que serviu na Esta\u00e7\u00e3o Espacial Internacional e pilotar\u00e1 a miss\u00e3o Artemis II da NASA para a lua no pr\u00f3ximo ano - falou com BT Irwin sobre sua perspectiva \u00fanica como astronauta crist\u00e3o. A seguir est\u00e3o trechos dessa entrevista do epis\u00f3dio 20 do podcast The Christian Chronicle , que foram levemente editados para","inLanguage":"pt-BR","isPartOf":{"@id":"https:\/\/mensagemcrista.com\/#website"},"breadcrumb":{"@id":"https:\/\/mensagemcrista.com\/index.php\/2023\/06\/25\/nao-ha-ateus-em-cima-de-foguetes\/#breadcrumblist"},"author":{"@id":"https:\/\/mensagemcrista.com\/index.php\/author\/sebastiao\/#author"},"creator":{"@id":"https:\/\/mensagemcrista.com\/index.php\/author\/sebastiao\/#author"},"image":{"@type":"ImageObject","url":"https:\/\/mensagemcrista.com\/wp-content\/uploads\/2023\/06\/Glover-ISS-1536x1024-1.jpg","@id":"https:\/\/mensagemcrista.com\/index.php\/2023\/06\/25\/nao-ha-ateus-em-cima-de-foguetes\/#mainImage","width":1536,"height":1024},"primaryImageOfPage":{"@id":"https:\/\/mensagemcrista.com\/index.php\/2023\/06\/25\/nao-ha-ateus-em-cima-de-foguetes\/#mainImage"},"datePublished":"2023-06-25T17:30:41-03:00","dateModified":"2023-06-25T17:30:41-03:00"},{"@type":"WebSite","@id":"https:\/\/mensagemcrista.com\/#website","url":"https:\/\/mensagemcrista.com\/","name":"Mensagem Crist\u00e3","description":"Anunciando a Mensagem de Jesus Cristo","inLanguage":"pt-BR","publisher":{"@id":"https:\/\/mensagemcrista.com\/#organization"}}]},"og:locale":"pt_BR","og:site_name":"Mensagem Crist\u00e3","og:type":"article","og:title":"\u2018N\u00e3o h\u00e1 ateus\u2026 em cima de foguetes\u2019","og:description":"Victor Glover - que serviu na Esta\u00e7\u00e3o Espacial Internacional e pilotar\u00e1 a miss\u00e3o Artemis II da NASA para a lua no pr\u00f3ximo ano - falou com BT Irwin sobre sua perspectiva \u00fanica como astronauta crist\u00e3o. A seguir est\u00e3o trechos dessa entrevista do epis\u00f3dio 20 do podcast The Christian Chronicle , que foram levemente editados para","og:url":"https:\/\/mensagemcrista.com\/index.php\/2023\/06\/25\/nao-ha-ateus-em-cima-de-foguetes\/","og:image":"https:\/\/mensagemcrista.com\/wp-content\/uploads\/2023\/06\/Glover-ISS-1536x1024-1.jpg","og:image:secure_url":"https:\/\/mensagemcrista.com\/wp-content\/uploads\/2023\/06\/Glover-ISS-1536x1024-1.jpg","og:image:width":"1536","og:image:height":"1024","article:published_time":"2023-06-25T20:30:41+00:00","article:modified_time":"2023-06-25T20:30:41+00:00","article:publisher":"https:\/\/www.facebook.com\/msgcristabr\/","twitter:card":"summary","twitter:title":"\u2018N\u00e3o h\u00e1 ateus\u2026 em cima de foguetes\u2019","twitter:description":"Victor Glover - que serviu na Esta\u00e7\u00e3o Espacial Internacional e pilotar\u00e1 a miss\u00e3o Artemis II da NASA para a lua no pr\u00f3ximo ano - falou com BT Irwin sobre sua perspectiva \u00fanica como astronauta crist\u00e3o. A seguir est\u00e3o trechos dessa entrevista do epis\u00f3dio 20 do podcast The Christian Chronicle , que foram levemente editados para","twitter:image":"https:\/\/mensagemcrista.com\/wp-content\/uploads\/2023\/06\/Glover-ISS-1536x1024-1.jpg"},"aioseo_meta_data":{"post_id":"18005","title":"#post_title","description":null,"keywords":[],"keyphrases":{"focus":{"keyphrase":"","score":0,"analysis":{"keyphraseInTitle":{"score":0,"maxScore":9,"error":1}}},"additional":[]},"primary_term":null,"canonical_url":null,"og_title":"#post_title","og_description":null,"og_object_type":"default","og_image_type":"featured","og_image_url":"https:\/\/mensagemcrista.com\/wp-content\/uploads\/2023\/06\/Glover-ISS-1536x1024-1.jpg","og_image_width":"1536","og_image_height":"1024","og_image_custom_url":null,"og_image_custom_fields":null,"og_video":"","og_custom_url":null,"og_article_section":null,"og_article_tags":[],"twitter_use_og":true,"twitter_card":"default","twitter_image_type":"default","twitter_image_url":null,"twitter_image_custom_url":null,"twitter_image_custom_fields":null,"twitter_title":null,"twitter_description":null,"schema":{"blockGraphs":[],"customGraphs":[],"default":{"data":{"Article":[],"Course":[],"Dataset":[],"FAQPage":[],"Movie":[],"Person":[],"Product":[],"ProductReview":[],"Car":[],"Recipe":[],"Service":[],"SoftwareApplication":[],"WebPage":[]},"graphName":"BlogPosting","isEnabled":true},"graphs":[]},"schema_type":"default","schema_type_options":null,"pillar_content":false,"robots_default":true,"robots_noindex":false,"robots_noarchive":false,"robots_nosnippet":false,"robots_nofollow":false,"robots_noimageindex":false,"robots_noodp":false,"robots_notranslate":false,"robots_max_snippet":"-1","robots_max_videopreview":"-1","robots_max_imagepreview":"large","priority":null,"frequency":"default","local_seo":null,"breadcrumb_settings":null,"limit_modified_date":false,"ai":null,"created":"2023-06-25 20:30:41","updated":"2025-06-04 07:22:37","seo_analyzer_scan_date":null,"focus_keyword":null,"additional_keywords":null,"truseo_locale":null},"aioseo_breadcrumb":"<div class=\"aioseo-breadcrumbs\"><span class=\"aioseo-breadcrumb\">\n\t\t\t<a href=\"https:\/\/mensagemcrista.com\" title=\"In\u00edcio\">In\u00edcio<\/a>\n\t\t<\/span><span class=\"aioseo-breadcrumb-separator\">&raquo;<\/span><span class=\"aioseo-breadcrumb\">\n\t\t\t<a href=\"https:\/\/mensagemcrista.com\/index.php\/category\/vida-crista\/\" title=\"Vida Crist\u00e3\">Vida Crist\u00e3<\/a>\n\t\t<\/span><span class=\"aioseo-breadcrumb-separator\">&raquo;<\/span><span class=\"aioseo-breadcrumb\">\n\t\t\t\u2018N\u00e3o h\u00e1 ateus\u2026 em cima de foguetes\u2019\n\t\t<\/span><\/div>","aioseo_breadcrumb_json":[{"label":"In\u00edcio","link":"https:\/\/mensagemcrista.com"},{"label":"Vida Crist\u00e3","link":"https:\/\/mensagemcrista.com\/index.php\/category\/vida-crista\/"},{"label":"&#8216;N\u00e3o h\u00e1 ateus&#8230; em cima de foguetes&#8217;","link":"https:\/\/mensagemcrista.com\/index.php\/2023\/06\/25\/nao-ha-ateus-em-cima-de-foguetes\/"}],"_links":{"self":[{"href":"https:\/\/mensagemcrista.com\/index.php\/wp-json\/wp\/v2\/posts\/18005","targetHints":{"allow":["GET"]}}],"collection":[{"href":"https:\/\/mensagemcrista.com\/index.php\/wp-json\/wp\/v2\/posts"}],"about":[{"href":"https:\/\/mensagemcrista.com\/index.php\/wp-json\/wp\/v2\/types\/post"}],"author":[{"embeddable":true,"href":"https:\/\/mensagemcrista.com\/index.php\/wp-json\/wp\/v2\/users\/6"}],"replies":[{"embeddable":true,"href":"https:\/\/mensagemcrista.com\/index.php\/wp-json\/wp\/v2\/comments?post=18005"}],"version-history":[{"count":1,"href":"https:\/\/mensagemcrista.com\/index.php\/wp-json\/wp\/v2\/posts\/18005\/revisions"}],"predecessor-version":[{"id":18008,"href":"https:\/\/mensagemcrista.com\/index.php\/wp-json\/wp\/v2\/posts\/18005\/revisions\/18008"}],"wp:featuredmedia":[{"embeddable":true,"href":"https:\/\/mensagemcrista.com\/index.php\/wp-json\/wp\/v2\/media\/18007"}],"wp:attachment":[{"href":"https:\/\/mensagemcrista.com\/index.php\/wp-json\/wp\/v2\/media?parent=18005"}],"wp:term":[{"taxonomy":"category","embeddable":true,"href":"https:\/\/mensagemcrista.com\/index.php\/wp-json\/wp\/v2\/categories?post=18005"},{"taxonomy":"post_tag","embeddable":true,"href":"https:\/\/mensagemcrista.com\/index.php\/wp-json\/wp\/v2\/tags?post=18005"}],"curies":[{"name":"wp","href":"https:\/\/api.w.org\/{rel}","templated":true}]}}